{"id":2728,"date":"2023-03-08T17:43:57","date_gmt":"2023-03-08T16:43:57","guid":{"rendered":"https:\/\/hti-consulting.com\/?p=2728"},"modified":"2024-10-14T10:07:25","modified_gmt":"2024-10-14T08:07:25","slug":"lindustrie-pharmaceutique-est-elle-menacee-par-le-manque-cruel-de-pharmaciens-gregory-briffard","status":"publish","type":"post","link":"https:\/\/www.hti-consulting.com\/fr\/lindustrie-pharmaceutique-est-elle-menacee-par-le-manque-cruel-de-pharmaciens-gregory-briffard\/","title":{"rendered":"\u00ab\u00a0L&rsquo;industrie pharmaceutique est-elle menac\u00e9e par le manque cruel de pharmaciens ?\u00a0\u00bb Gr\u00e9gory Briffard"},"content":{"rendered":"\t\t<div data-elementor-type=\"wp-post\" data-elementor-id=\"2728\" class=\"elementor elementor-2728\">\n\t\t\t\t\t\t<section class=\"elementor-section elementor-top-section elementor-element elementor-element-4f58750 elementor-section-boxed elementor-section-height-default elementor-section-height-default\" data-id=\"4f58750\" data-element_type=\"section\">\n\t\t\t\t\t\t<div class=\"elementor-container elementor-column-gap-default\">\n\t\t\t\t\t<div class=\"elementor-column elementor-col-100 elementor-top-column elementor-element elementor-element-d29b667\" data-id=\"d29b667\" data-element_type=\"column\">\n\t\t\t<div class=\"elementor-widget-wrap elementor-element-populated\">\n\t\t\t\t\t\t<div class=\"elementor-element elementor-element-9392445 elementor-widget elementor-widget-text-editor\" data-id=\"9392445\" data-element_type=\"widget\" data-widget_type=\"text-editor.default\">\n\t\t\t\t<div class=\"elementor-widget-container\">\n\t\t\t\t\t\t\t\t\t<p>[\u00c9tat de crise]<br><img decoding=\"async\" class=\"emoji\" role=\"img\" draggable=\"false\" src=\"https:\/\/s.w.org\/images\/core\/emoji\/14.0.0\/svg\/2754.svg\" alt=\"\u2754\"> L&rsquo;industrie pharmaceutique est-elle menac\u00e9e par le manque cruel de pharmaciens ?&nbsp;<br>Voil\u00e0 une question urgente alors que r\u00e9-industrialisation et innovation sont sur le devant de la sc\u00e8ne.<\/p>\n<p><img decoding=\"async\" class=\"emoji\" role=\"img\" draggable=\"false\" src=\"https:\/\/s.w.org\/images\/core\/emoji\/14.0.0\/svg\/1f4a1.svg\" alt=\"\ud83d\udca1\"> Etat des lieux, sonnette d&rsquo;alarme et pistes de solutions, je vous fais part de mon analyse au regard de mes nombreux contacts avec l&rsquo;industrie et les candidats,&nbsp;au sein de mon activit\u00e9 chez HTI &#8211; Healthcare &amp; Technology International.<\/p>\n<p><img decoding=\"async\" class=\"emoji\" role=\"img\" draggable=\"false\" src=\"https:\/\/s.w.org\/images\/core\/emoji\/14.0.0\/svg\/26a1.svg\" alt=\"\u26a1\"> \u00ab Nous sommes en capacit\u00e9 de recruter 15 000 pharmaciens \u00bb,&nbsp;lan\u00e7ait en octobre 2022 , le Pr\u00e9sident de la F\u00e9d\u00e9ration des syndicats pharmaceutiques de France.&nbsp;<br>Ce chiffre effrayant touche les officines et l&rsquo;industrie alors que la p\u00e9riode Covid a mis en lumi\u00e8re tout le secteur.<\/p>\n<p><img decoding=\"async\" class=\"emoji\" role=\"img\" draggable=\"false\" src=\"https:\/\/s.w.org\/images\/core\/emoji\/14.0.0\/svg\/27a1.svg\" alt=\"\u27a1\"> Les besoins et limites dans l&rsquo;industrie sont devenus criants avec la n\u00e9cessit\u00e9 de la r\u00e9-industrialisation et la volont\u00e9 d&rsquo;innovation li\u00e9s \u00e0 la p\u00e9riode de transition actuelle.&nbsp;<br>Or le pharmacien, garant de la qualit\u00e9 et de la s\u00e9curit\u00e9 du m\u00e9dicament, est pr\u00e9sent \u00e0 toutes les \u00e9tapes du processus industriel, de la d\u00e9couverte de la mol\u00e9cule jusqu&rsquo;\u00e0 la commercialisation du produit.&nbsp;<\/p>\n<p><img decoding=\"async\" class=\"emoji\" role=\"img\" draggable=\"false\" src=\"https:\/\/s.w.org\/images\/core\/emoji\/14.0.0\/svg\/1f4c5.svg\" alt=\"\ud83d\udcc5\"> Pourtant, la p\u00e9nurie de la profession devrait s\u2019intensifier dans les prochaines ann\u00e9es<br>En cause :&nbsp;<br>&#8211; Une r\u00e9forme complexe des \u00e9tudes de sant\u00e9, occasionnant, \u00e0 la rentr\u00e9e 2022,&nbsp;1100 places vides sur&nbsp;3500&nbsp;en 2\u00e8me ann\u00e9e (chiffres FSPF).&nbsp;Une nouvelle r\u00e9forme est indispensable.<br>&#8211; Le d\u00e9samour pour l\u2019entreprise et l&rsquo;attrait pour l&rsquo;ind\u00e9pendance&nbsp;occasionnent une fuite des seniors vers les activit\u00e9s de conseil.<br>&#8211; L&rsquo;exception fran\u00e7aise du pharmacien responsable est en voie de disparition.<\/p>\n<p><img decoding=\"async\" class=\"emoji\" role=\"img\" draggable=\"false\" src=\"https:\/\/s.w.org\/images\/core\/emoji\/14.0.0\/svg\/1f51c.svg\" alt=\"\ud83d\udd1c\"> Mais restons positifs ! Le m\u00e9tier est riche de sens et d&rsquo;avenir.<br>Dans l&rsquo;industrie, le pharmacien est mieux pay\u00e9 qu&rsquo;en officine, et les possibilit\u00e9s de carri\u00e8res et d&rsquo;\u00e9volution sont nombreuses.&nbsp;<br>Le m\u00e9tier propose des d\u00e9bouch\u00e9s tr\u00e8s divers : R&amp;D, qualit\u00e9, affaires r\u00e9glementaires, marketing, vente\u2026<\/p>\n<p>Ces arguments permettent d\u2019attirer et retenir ces profils. Il s&rsquo;agit aussi d&rsquo;explorer toutes les pistes, jusqu&rsquo;\u00e0 l&rsquo;anticipation des motivations des salari\u00e9s pour rester dans l\u2019entreprise<\/p>\n<p>Aussi, j&rsquo;invite les dirigeants et directeurs RH \u00e0 \u00eatre vigilants pour fid\u00e9liser leurs collaborateurs et lors des recrutements :<br><img decoding=\"async\" class=\"emoji\" role=\"img\" draggable=\"false\" src=\"https:\/\/s.w.org\/images\/core\/emoji\/14.0.0\/svg\/27a1.svg\" alt=\"\u27a1\">&nbsp;Anticiper,&nbsp;d\u00e8s le recrutement, la question de l&rsquo;\u00e9volution de carri\u00e8re du candidat \u00e0 3 ou 5 ans.<br><img decoding=\"async\" class=\"emoji\" role=\"img\" draggable=\"false\" src=\"https:\/\/s.w.org\/images\/core\/emoji\/14.0.0\/svg\/27a1.svg\" alt=\"\u27a1\"> Engager un parcours de d\u00e9veloppement de comp\u00e9tence dans l&rsquo;entreprise pour les pharmaciens en poste.<br><img decoding=\"async\" class=\"emoji\" role=\"img\" draggable=\"false\" src=\"https:\/\/s.w.org\/images\/core\/emoji\/14.0.0\/svg\/27a1.svg\" alt=\"\u27a1\ufe0f\">&nbsp;Une autre piste est peut-\u00eatre \u00e0 explorer. Pourquoi ne pas ouvrir certaines responsabilit\u00e9s, aujourd&rsquo;hui d\u00e9di\u00e9es aux pharmaciens,&nbsp;\u00e0 d&rsquo;autres profils ? C&rsquo;est d\u00e9j\u00e0 le cas dans les fonctions m\u00e9dicales ou dans l&rsquo;industrie du dispositif m\u00e9dical.<\/p>\t\t\t\t\t\t\t\t<\/div>\n\t\t\t\t<\/div>\n\t\t\t\t<div class=\"elementor-element elementor-element-712eed0 elementor-widget elementor-widget-image\" data-id=\"712eed0\" data-element_type=\"widget\" data-widget_type=\"image.default\">\n\t\t\t\t<div class=\"elementor-widget-container\">\n\t\t\t\t\t\t\t\t\t\t\t\t\t\t\t<img fetchpriority=\"high\" decoding=\"async\" width=\"800\" height=\"800\" src=\"https:\/\/www.hti-consulting.com\/wp-content\/uploads\/2023\/03\/1670322288546.jpeg\" class=\"attachment-large size-large wp-image-2704\" alt=\"\" srcset=\"https:\/\/www.hti-consulting.com\/wp-content\/uploads\/2023\/03\/1670322288546.jpeg 800w, https:\/\/www.hti-consulting.com\/wp-content\/uploads\/2023\/03\/1670322288546-300x300.jpeg 300w, https:\/\/www.hti-consulting.com\/wp-content\/uploads\/2023\/03\/1670322288546-150x150.jpeg 150w, https:\/\/www.hti-consulting.com\/wp-content\/uploads\/2023\/03\/1670322288546-768x768.jpeg 768w, https:\/\/www.hti-consulting.com\/wp-content\/uploads\/2023\/03\/1670322288546-60x60.jpeg 60w, https:\/\/www.hti-consulting.com\/wp-content\/uploads\/2023\/03\/1670322288546-500x500.jpeg 500w\" sizes=\"(max-width: 800px) 100vw, 800px\" \/>\t\t\t\t\t\t\t\t\t\t\t\t\t\t\t<\/div>\n\t\t\t\t<\/div>\n\t\t\t\t\t<\/div>\n\t\t<\/div>\n\t\t\t\t\t<\/div>\n\t\t<\/section>\n\t\t\t\t<\/div>\n\t\t","protected":false},"excerpt":{"rendered":"<p>[\u00c9tat de crise] L&rsquo;industrie pharmaceutique est-elle menac\u00e9e par le manque cruel de pharmaciens ? Voil\u00e0 une question urgente alors que r\u00e9-industrialisation et innovation sont sur&#8230;<a class=\"read-more\" href=\"https:\/\/www.hti-consulting.com\/fr\/lindustrie-pharmaceutique-est-elle-menacee-par-le-manque-cruel-de-pharmaciens-gregory-briffard\/\"> En savoir plus<\/a><\/p>\n","protected":false},"author":2,"featured_media":0,"comment_status":"closed","ping_status":"closed","sticky":false,"template":"","format":"standard","meta":{"footnotes":""},"categories":[9,41],"tags":[],"class_list":["post-2728","post","type-post","status-publish","format-standard","hentry","category-news","category-pharma-biotech-fr"],"yoast_head":"<!-- This site is optimized with the Yoast SEO plugin v25.1 - https:\/\/yoast.com\/wordpress\/plugins\/seo\/ -->\n<title>&quot;L&#039;industrie pharmaceutique est-elle menac\u00e9e par le manque cruel de pharmaciens ?&quot; Gr\u00e9gory Briffard - Healthcare &amp; Technology International<\/title>\n<meta name=\"robots\" content=\"index, follow, max-snippet:-1, max-image-preview:large, max-video-preview:-1\" \/>\n<link rel=\"canonical\" href=\"https:\/\/www.hti-consulting.com\/fr\/lindustrie-pharmaceutique-est-elle-menacee-par-le-manque-cruel-de-pharmaciens-gregory-briffard\/\" \/>\n<meta property=\"og:locale\" content=\"fr_FR\" \/>\n<meta property=\"og:type\" content=\"article\" \/>\n<meta property=\"og:title\" content=\"&quot;L&#039;industrie pharmaceutique est-elle menac\u00e9e par le manque cruel de pharmaciens ?&quot; Gr\u00e9gory Briffard - Healthcare &amp; Technology International\" \/>\n<meta property=\"og:description\" content=\"[\u00c9tat de crise] L&rsquo;industrie pharmaceutique est-elle menac\u00e9e par le manque cruel de pharmaciens ? Voil\u00e0 une question urgente alors que r\u00e9-industrialisation et innovation sont sur... En savoir plus\" \/>\n<meta property=\"og:url\" content=\"https:\/\/www.hti-consulting.com\/fr\/lindustrie-pharmaceutique-est-elle-menacee-par-le-manque-cruel-de-pharmaciens-gregory-briffard\/\" \/>\n<meta property=\"og:site_name\" content=\"Healthcare &amp; Technology International\" \/>\n<meta property=\"article:published_time\" content=\"2023-03-08T16:43:57+00:00\" \/>\n<meta property=\"article:modified_time\" content=\"2024-10-14T08:07:25+00:00\" \/>\n<meta property=\"og:image\" content=\"https:\/\/s.w.org\/images\/core\/emoji\/14.0.0\/svg\/2754.svg\" \/>\n<meta name=\"author\" content=\"redacteur\" \/>\n<meta name=\"twitter:card\" content=\"summary_large_image\" \/>\n<meta name=\"twitter:label1\" content=\"\u00c9crit par\" \/>\n\t<meta name=\"twitter:data1\" content=\"redacteur\" \/>\n\t<meta name=\"twitter:label2\" content=\"Dur\u00e9e de lecture estim\u00e9e\" \/>\n\t<meta name=\"twitter:data2\" content=\"4 minutes\" \/>\n<script type=\"application\/ld+json\" class=\"yoast-schema-graph\">{\"@context\":\"https:\/\/schema.org\",\"@graph\":[{\"@type\":\"Article\",\"@id\":\"https:\/\/www.hti-consulting.com\/fr\/lindustrie-pharmaceutique-est-elle-menacee-par-le-manque-cruel-de-pharmaciens-gregory-briffard\/#article\",\"isPartOf\":{\"@id\":\"https:\/\/www.hti-consulting.com\/fr\/lindustrie-pharmaceutique-est-elle-menacee-par-le-manque-cruel-de-pharmaciens-gregory-briffard\/\"},\"author\":{\"name\":\"redacteur\",\"@id\":\"https:\/\/www.hti-consulting.com\/fr\/#\/schema\/person\/5daba50553ad28b210af3c7cef80acca\"},\"headline\":\"\u00ab\u00a0L&rsquo;industrie pharmaceutique est-elle menac\u00e9e par le manque cruel de pharmaciens ?\u00a0\u00bb Gr\u00e9gory Briffard\",\"datePublished\":\"2023-03-08T16:43:57+00:00\",\"dateModified\":\"2024-10-14T08:07:25+00:00\",\"mainEntityOfPage\":{\"@id\":\"https:\/\/www.hti-consulting.com\/fr\/lindustrie-pharmaceutique-est-elle-menacee-par-le-manque-cruel-de-pharmaciens-gregory-briffard\/\"},\"wordCount\":448,\"publisher\":{\"@id\":\"https:\/\/www.hti-consulting.com\/fr\/#organization\"},\"image\":{\"@id\":\"https:\/\/www.hti-consulting.com\/fr\/lindustrie-pharmaceutique-est-elle-menacee-par-le-manque-cruel-de-pharmaciens-gregory-briffard\/#primaryimage\"},\"thumbnailUrl\":\"https:\/\/s.w.org\/images\/core\/emoji\/14.0.0\/svg\/2754.svg\",\"articleSection\":[\"Actualit\u00e9s\",\"Pharma\/Biotech\"],\"inLanguage\":\"fr-FR\"},{\"@type\":\"WebPage\",\"@id\":\"https:\/\/www.hti-consulting.com\/fr\/lindustrie-pharmaceutique-est-elle-menacee-par-le-manque-cruel-de-pharmaciens-gregory-briffard\/\",\"url\":\"https:\/\/www.hti-consulting.com\/fr\/lindustrie-pharmaceutique-est-elle-menacee-par-le-manque-cruel-de-pharmaciens-gregory-briffard\/\",\"name\":\"\\\"L'industrie pharmaceutique est-elle menac\u00e9e par le manque cruel de pharmaciens ?\\\" Gr\u00e9gory Briffard - Healthcare &amp; Technology International\",\"isPartOf\":{\"@id\":\"https:\/\/www.hti-consulting.com\/fr\/#website\"},\"primaryImageOfPage\":{\"@id\":\"https:\/\/www.hti-consulting.com\/fr\/lindustrie-pharmaceutique-est-elle-menacee-par-le-manque-cruel-de-pharmaciens-gregory-briffard\/#primaryimage\"},\"image\":{\"@id\":\"https:\/\/www.hti-consulting.com\/fr\/lindustrie-pharmaceutique-est-elle-menacee-par-le-manque-cruel-de-pharmaciens-gregory-briffard\/#primaryimage\"},\"thumbnailUrl\":\"https:\/\/s.w.org\/images\/core\/emoji\/14.0.0\/svg\/2754.svg\",\"datePublished\":\"2023-03-08T16:43:57+00:00\",\"dateModified\":\"2024-10-14T08:07:25+00:00\",\"breadcrumb\":{\"@id\":\"https:\/\/www.hti-consulting.com\/fr\/lindustrie-pharmaceutique-est-elle-menacee-par-le-manque-cruel-de-pharmaciens-gregory-briffard\/#breadcrumb\"},\"inLanguage\":\"fr-FR\",\"potentialAction\":[{\"@type\":\"ReadAction\",\"target\":[\"https:\/\/www.hti-consulting.com\/fr\/lindustrie-pharmaceutique-est-elle-menacee-par-le-manque-cruel-de-pharmaciens-gregory-briffard\/\"]}]},{\"@type\":\"ImageObject\",\"inLanguage\":\"fr-FR\",\"@id\":\"https:\/\/www.hti-consulting.com\/fr\/lindustrie-pharmaceutique-est-elle-menacee-par-le-manque-cruel-de-pharmaciens-gregory-briffard\/#primaryimage\",\"url\":\"https:\/\/s.w.org\/images\/core\/emoji\/14.0.0\/svg\/2754.svg\",\"contentUrl\":\"https:\/\/s.w.org\/images\/core\/emoji\/14.0.0\/svg\/2754.svg\"},{\"@type\":\"BreadcrumbList\",\"@id\":\"https:\/\/www.hti-consulting.com\/fr\/lindustrie-pharmaceutique-est-elle-menacee-par-le-manque-cruel-de-pharmaciens-gregory-briffard\/#breadcrumb\",\"itemListElement\":[{\"@type\":\"ListItem\",\"position\":1,\"name\":\"Accueil\",\"item\":\"https:\/\/www.hti-consulting.com\/fr\/\"},{\"@type\":\"ListItem\",\"position\":2,\"name\":\"\u00ab\u00a0L&rsquo;industrie pharmaceutique est-elle menac\u00e9e par le manque cruel de pharmaciens ?\u00a0\u00bb Gr\u00e9gory Briffard\"}]},{\"@type\":\"WebSite\",\"@id\":\"https:\/\/www.hti-consulting.com\/fr\/#website\",\"url\":\"https:\/\/www.hti-consulting.com\/fr\/\",\"name\":\"Healthcare &amp; Technology International\",\"description\":\"Executive Search in Life Sciences\",\"publisher\":{\"@id\":\"https:\/\/www.hti-consulting.com\/fr\/#organization\"},\"potentialAction\":[{\"@type\":\"SearchAction\",\"target\":{\"@type\":\"EntryPoint\",\"urlTemplate\":\"https:\/\/www.hti-consulting.com\/fr\/?s={search_term_string}\"},\"query-input\":{\"@type\":\"PropertyValueSpecification\",\"valueRequired\":true,\"valueName\":\"search_term_string\"}}],\"inLanguage\":\"fr-FR\"},{\"@type\":\"Organization\",\"@id\":\"https:\/\/www.hti-consulting.com\/fr\/#organization\",\"name\":\"Healthcare Technology International\",\"url\":\"https:\/\/www.hti-consulting.com\/fr\/\",\"logo\":{\"@type\":\"ImageObject\",\"inLanguage\":\"fr-FR\",\"@id\":\"https:\/\/www.hti-consulting.com\/fr\/#\/schema\/logo\/image\/\",\"url\":\"https:\/\/www.hti-consulting.com\/wp-content\/uploads\/2023\/06\/cropped-HTI_grey_favicon.png\",\"contentUrl\":\"https:\/\/www.hti-consulting.com\/wp-content\/uploads\/2023\/06\/cropped-HTI_grey_favicon.png\",\"width\":512,\"height\":512,\"caption\":\"Healthcare Technology International\"},\"image\":{\"@id\":\"https:\/\/www.hti-consulting.com\/fr\/#\/schema\/logo\/image\/\"},\"sameAs\":[\"https:\/\/www.linkedin.com\/company\/1686431\/\",\"https:\/\/www.youtube.com\/channel\/UCtK46ZCxs8wR7h8sJCJiU9A\"]},{\"@type\":\"Person\",\"@id\":\"https:\/\/www.hti-consulting.com\/fr\/#\/schema\/person\/5daba50553ad28b210af3c7cef80acca\",\"name\":\"redacteur\",\"image\":{\"@type\":\"ImageObject\",\"inLanguage\":\"fr-FR\",\"@id\":\"https:\/\/www.hti-consulting.com\/fr\/#\/schema\/person\/image\/\",\"url\":\"https:\/\/secure.gravatar.com\/avatar\/8d9170da549ac40014173cbaef517aa9ce8c37ebb58464063d9d0c923557c3e4?s=96&d=mm&r=g\",\"contentUrl\":\"https:\/\/secure.gravatar.com\/avatar\/8d9170da549ac40014173cbaef517aa9ce8c37ebb58464063d9d0c923557c3e4?s=96&d=mm&r=g\",\"caption\":\"redacteur\"}}]}<\/script>\n<!-- \/ Yoast SEO plugin. -->","yoast_head_json":{"title":"\"L'industrie pharmaceutique est-elle menac\u00e9e par le manque cruel de pharmaciens ?\" Gr\u00e9gory Briffard - Healthcare &amp; Technology International","robots":{"index":"index","follow":"follow","max-snippet":"max-snippet:-1","max-image-preview":"max-image-preview:large","max-video-preview":"max-video-preview:-1"},"canonical":"https:\/\/www.hti-consulting.com\/fr\/lindustrie-pharmaceutique-est-elle-menacee-par-le-manque-cruel-de-pharmaciens-gregory-briffard\/","og_locale":"fr_FR","og_type":"article","og_title":"\"L'industrie pharmaceutique est-elle menac\u00e9e par le manque cruel de pharmaciens ?\" Gr\u00e9gory Briffard - Healthcare &amp; Technology International","og_description":"[\u00c9tat de crise] L&rsquo;industrie pharmaceutique est-elle menac\u00e9e par le manque cruel de pharmaciens ? Voil\u00e0 une question urgente alors que r\u00e9-industrialisation et innovation sont sur... En savoir plus","og_url":"https:\/\/www.hti-consulting.com\/fr\/lindustrie-pharmaceutique-est-elle-menacee-par-le-manque-cruel-de-pharmaciens-gregory-briffard\/","og_site_name":"Healthcare &amp; Technology International","article_published_time":"2023-03-08T16:43:57+00:00","article_modified_time":"2024-10-14T08:07:25+00:00","og_image":[{"url":"https:\/\/s.w.org\/images\/core\/emoji\/14.0.0\/svg\/2754.svg","type":"","width":"","height":""}],"author":"redacteur","twitter_card":"summary_large_image","twitter_misc":{"\u00c9crit par":"redacteur","Dur\u00e9e de lecture estim\u00e9e":"4 minutes"},"schema":{"@context":"https:\/\/schema.org","@graph":[{"@type":"Article","@id":"https:\/\/www.hti-consulting.com\/fr\/lindustrie-pharmaceutique-est-elle-menacee-par-le-manque-cruel-de-pharmaciens-gregory-briffard\/#article","isPartOf":{"@id":"https:\/\/www.hti-consulting.com\/fr\/lindustrie-pharmaceutique-est-elle-menacee-par-le-manque-cruel-de-pharmaciens-gregory-briffard\/"},"author":{"name":"redacteur","@id":"https:\/\/www.hti-consulting.com\/fr\/#\/schema\/person\/5daba50553ad28b210af3c7cef80acca"},"headline":"\u00ab\u00a0L&rsquo;industrie pharmaceutique est-elle menac\u00e9e par le manque cruel de pharmaciens ?\u00a0\u00bb Gr\u00e9gory Briffard","datePublished":"2023-03-08T16:43:57+00:00","dateModified":"2024-10-14T08:07:25+00:00","mainEntityOfPage":{"@id":"https:\/\/www.hti-consulting.com\/fr\/lindustrie-pharmaceutique-est-elle-menacee-par-le-manque-cruel-de-pharmaciens-gregory-briffard\/"},"wordCount":448,"publisher":{"@id":"https:\/\/www.hti-consulting.com\/fr\/#organization"},"image":{"@id":"https:\/\/www.hti-consulting.com\/fr\/lindustrie-pharmaceutique-est-elle-menacee-par-le-manque-cruel-de-pharmaciens-gregory-briffard\/#primaryimage"},"thumbnailUrl":"https:\/\/s.w.org\/images\/core\/emoji\/14.0.0\/svg\/2754.svg","articleSection":["Actualit\u00e9s","Pharma\/Biotech"],"inLanguage":"fr-FR"},{"@type":"WebPage","@id":"https:\/\/www.hti-consulting.com\/fr\/lindustrie-pharmaceutique-est-elle-menacee-par-le-manque-cruel-de-pharmaciens-gregory-briffard\/","url":"https:\/\/www.hti-consulting.com\/fr\/lindustrie-pharmaceutique-est-elle-menacee-par-le-manque-cruel-de-pharmaciens-gregory-briffard\/","name":"\"L'industrie pharmaceutique est-elle menac\u00e9e par le manque cruel de pharmaciens ?\" Gr\u00e9gory Briffard - Healthcare &amp; Technology International","isPartOf":{"@id":"https:\/\/www.hti-consulting.com\/fr\/#website"},"primaryImageOfPage":{"@id":"https:\/\/www.hti-consulting.com\/fr\/lindustrie-pharmaceutique-est-elle-menacee-par-le-manque-cruel-de-pharmaciens-gregory-briffard\/#primaryimage"},"image":{"@id":"https:\/\/www.hti-consulting.com\/fr\/lindustrie-pharmaceutique-est-elle-menacee-par-le-manque-cruel-de-pharmaciens-gregory-briffard\/#primaryimage"},"thumbnailUrl":"https:\/\/s.w.org\/images\/core\/emoji\/14.0.0\/svg\/2754.svg","datePublished":"2023-03-08T16:43:57+00:00","dateModified":"2024-10-14T08:07:25+00:00","breadcrumb":{"@id":"https:\/\/www.hti-consulting.com\/fr\/lindustrie-pharmaceutique-est-elle-menacee-par-le-manque-cruel-de-pharmaciens-gregory-briffard\/#breadcrumb"},"inLanguage":"fr-FR","potentialAction":[{"@type":"ReadAction","target":["https:\/\/www.hti-consulting.com\/fr\/lindustrie-pharmaceutique-est-elle-menacee-par-le-manque-cruel-de-pharmaciens-gregory-briffard\/"]}]},{"@type":"ImageObject","inLanguage":"fr-FR","@id":"https:\/\/www.hti-consulting.com\/fr\/lindustrie-pharmaceutique-est-elle-menacee-par-le-manque-cruel-de-pharmaciens-gregory-briffard\/#primaryimage","url":"https:\/\/s.w.org\/images\/core\/emoji\/14.0.0\/svg\/2754.svg","contentUrl":"https:\/\/s.w.org\/images\/core\/emoji\/14.0.0\/svg\/2754.svg"},{"@type":"BreadcrumbList","@id":"https:\/\/www.hti-consulting.com\/fr\/lindustrie-pharmaceutique-est-elle-menacee-par-le-manque-cruel-de-pharmaciens-gregory-briffard\/#breadcrumb","itemListElement":[{"@type":"ListItem","position":1,"name":"Accueil","item":"https:\/\/www.hti-consulting.com\/fr\/"},{"@type":"ListItem","position":2,"name":"\u00ab\u00a0L&rsquo;industrie pharmaceutique est-elle menac\u00e9e par le manque cruel de pharmaciens ?\u00a0\u00bb Gr\u00e9gory Briffard"}]},{"@type":"WebSite","@id":"https:\/\/www.hti-consulting.com\/fr\/#website","url":"https:\/\/www.hti-consulting.com\/fr\/","name":"Healthcare &amp; Technology International","description":"Executive Search in Life Sciences","publisher":{"@id":"https:\/\/www.hti-consulting.com\/fr\/#organization"},"potentialAction":[{"@type":"SearchAction","target":{"@type":"EntryPoint","urlTemplate":"https:\/\/www.hti-consulting.com\/fr\/?s={search_term_string}"},"query-input":{"@type":"PropertyValueSpecification","valueRequired":true,"valueName":"search_term_string"}}],"inLanguage":"fr-FR"},{"@type":"Organization","@id":"https:\/\/www.hti-consulting.com\/fr\/#organization","name":"Healthcare Technology International","url":"https:\/\/www.hti-consulting.com\/fr\/","logo":{"@type":"ImageObject","inLanguage":"fr-FR","@id":"https:\/\/www.hti-consulting.com\/fr\/#\/schema\/logo\/image\/","url":"https:\/\/www.hti-consulting.com\/wp-content\/uploads\/2023\/06\/cropped-HTI_grey_favicon.png","contentUrl":"https:\/\/www.hti-consulting.com\/wp-content\/uploads\/2023\/06\/cropped-HTI_grey_favicon.png","width":512,"height":512,"caption":"Healthcare Technology International"},"image":{"@id":"https:\/\/www.hti-consulting.com\/fr\/#\/schema\/logo\/image\/"},"sameAs":["https:\/\/www.linkedin.com\/company\/1686431\/","https:\/\/www.youtube.com\/channel\/UCtK46ZCxs8wR7h8sJCJiU9A"]},{"@type":"Person","@id":"https:\/\/www.hti-consulting.com\/fr\/#\/schema\/person\/5daba50553ad28b210af3c7cef80acca","name":"redacteur","image":{"@type":"ImageObject","inLanguage":"fr-FR","@id":"https:\/\/www.hti-consulting.com\/fr\/#\/schema\/person\/image\/","url":"https:\/\/secure.gravatar.com\/avatar\/8d9170da549ac40014173cbaef517aa9ce8c37ebb58464063d9d0c923557c3e4?s=96&d=mm&r=g","contentUrl":"https:\/\/secure.gravatar.com\/avatar\/8d9170da549ac40014173cbaef517aa9ce8c37ebb58464063d9d0c923557c3e4?s=96&d=mm&r=g","caption":"redacteur"}}]}},"_links":{"self":[{"href":"https:\/\/www.hti-consulting.com\/fr\/wp-json\/wp\/v2\/posts\/2728","targetHints":{"allow":["GET"]}}],"collection":[{"href":"https:\/\/www.hti-consulting.com\/fr\/wp-json\/wp\/v2\/posts"}],"about":[{"href":"https:\/\/www.hti-consulting.com\/fr\/wp-json\/wp\/v2\/types\/post"}],"author":[{"embeddable":true,"href":"https:\/\/www.hti-consulting.com\/fr\/wp-json\/wp\/v2\/users\/2"}],"replies":[{"embeddable":true,"href":"https:\/\/www.hti-consulting.com\/fr\/wp-json\/wp\/v2\/comments?post=2728"}],"version-history":[{"count":9,"href":"https:\/\/www.hti-consulting.com\/fr\/wp-json\/wp\/v2\/posts\/2728\/revisions"}],"predecessor-version":[{"id":3530,"href":"https:\/\/www.hti-consulting.com\/fr\/wp-json\/wp\/v2\/posts\/2728\/revisions\/3530"}],"wp:attachment":[{"href":"https:\/\/www.hti-consulting.com\/fr\/wp-json\/wp\/v2\/media?parent=2728"}],"wp:term":[{"taxonomy":"category","embeddable":true,"href":"https:\/\/www.hti-consulting.com\/fr\/wp-json\/wp\/v2\/categories?post=2728"},{"taxonomy":"post_tag","embeddable":true,"href":"https:\/\/www.hti-consulting.com\/fr\/wp-json\/wp\/v2\/tags?post=2728"}],"curies":[{"name":"wp","href":"https:\/\/api.w.org\/{rel}","templated":true}]}}